{"id":9302,"date":"2012-09-24T23:23:31","date_gmt":"2012-09-24T23:23:31","guid":{"rendered":"https:\/\/thetranscript.org\/la-paradoja-del-tiempo\/"},"modified":"2026-04-15T23:54:37","modified_gmt":"2026-04-15T23:54:37","slug":"la-paradoja-del-tiempo","status":"publish","type":"post","link":"https:\/\/thetranscript.org\/es\/la-paradoja-del-tiempo\/","title":{"rendered":"La Paradoja Del Tiempo"},"content":{"rendered":"<p>[et_pb_section fb_built=&#8221;1&#8243; _builder_version=&#8221;4.16&#8243; _module_preset=&#8221;default&#8221; global_colors_info=&#8221;{}&#8221; theme_builder_area=&#8221;post_content&#8221;][et_pb_row _builder_version=&#8221;4.16&#8243; _module_preset=&#8221;default&#8221; global_colors_info=&#8221;{}&#8221; theme_builder_area=&#8221;post_content&#8221;][et_pb_column type=&#8221;4_4&#8243; _builder_version=&#8221;4.16&#8243; _module_preset=&#8221;default&#8221; global_colors_info=&#8221;{}&#8221; theme_builder_area=&#8221;post_content&#8221;][et_pb_text _builder_version=&#8221;4.19.4&#8243; _module_preset=&#8221;default&#8221; inline_fonts=&#8221;Abel&#8221; global_colors_info=&#8221;{}&#8221; theme_builder_area=&#8221;post_content&#8221;]<\/p>\n<p>T120924123242<\/p>\n<p>17 Y aunque pueda decirse que el tiempo no existe, en este mundo, en este orden de expresi\u00f3n, es un requisito. El tiempo transcurre para que la materia se transforme de una etapa a otra. <\/p>\n<p>18 El tiempo es movimiento. El tiempo es creaci\u00f3n, y la creaci\u00f3n toma tiempo.  \u00bfVes? Para que el hierro se oxide, para que el agua se evapore \u2014todo toma tiempo.<\/p>\n<p>19 El tiempo no existe en otros planos de realidad donde no hay l\u00edmites, y esos l\u00edmites tienes que establecerlos t\u00fa mismo. Entonces, \u00bfqu\u00e9 son los l\u00edmites sino el tiempo mismo? <\/p>\n<p>20 Para quienes creen que el tiempo no existe, aqu\u00ed tienes una paradoja con la cual trabajar: el tiempo no existe \u2014\u00bfo s\u00ed?<\/p>\n<p>Fin del Transcrito 120924123242 (Parte 3).<\/p>\n<p>[\/et_pb_text][\/et_pb_column][\/et_pb_row][\/et_pb_section]<\/p>\n","protected":false},"excerpt":{"rendered":"<p>T120924123242 17 Y aunque pueda decirse que el tiempo no existe, en este mundo, en este orden de expresi\u00f3n, es un requisito. El tiempo transcurre para que la materia se transforme de una etapa a otra. 18 El tiempo es movimiento. El tiempo es creaci\u00f3n, y la creaci\u00f3n toma tiempo. \u00bfVes? Para que el hierro [&hellip;]<\/p>\n","protected":false},"author":2,"featured_media":0,"comment_status":"closed","ping_status":"open","sticky":false,"template":"","format":"standard","meta":{"_et_pb_use_builder":"on","_et_pb_old_content":"","_et_gb_content_width":"","footnotes":""},"categories":[80],"tags":[],"class_list":["post-9302","post","type-post","status-publish","format-standard","hentry","category-transcritos-es"],"yoast_head":"<!-- This site is optimized with the Yoast SEO plugin v27.5 - https:\/\/yoast.com\/product\/yoast-seo-wordpress\/ -->\n<title>La Paradoja Del Tiempo - The Transcript<\/title>\n<meta name=\"robots\" content=\"index, follow, max-snippet:-1, max-image-preview:large, max-video-preview:-1\" \/>\n<link rel=\"canonical\" href=\"https:\/\/thetranscript.org\/es\/la-paradoja-del-tiempo\/\" \/>\n<meta property=\"og:locale\" content=\"es_ES\" \/>\n<meta property=\"og:type\" content=\"article\" \/>\n<meta property=\"og:title\" content=\"La Paradoja Del Tiempo - The Transcript\" \/>\n<meta property=\"og:description\" content=\"T120924123242 17 Y aunque pueda decirse que el tiempo no existe, en este mundo, en este orden de expresi\u00f3n, es un requisito. El tiempo transcurre para que la materia se transforme de una etapa a otra. 18 El tiempo es movimiento. El tiempo es creaci\u00f3n, y la creaci\u00f3n toma tiempo. \u00bfVes? Para que el hierro [&hellip;]\" \/>\n<meta property=\"og:url\" content=\"https:\/\/thetranscript.org\/es\/la-paradoja-del-tiempo\/\" \/>\n<meta property=\"og:site_name\" content=\"The Transcript\" \/>\n<meta property=\"article:published_time\" content=\"2012-09-24T23:23:31+00:00\" \/>\n<meta property=\"article:modified_time\" content=\"2026-04-15T23:54:37+00:00\" \/>\n<meta name=\"author\" content=\"Francisco Valent\u00edn\" \/>\n<meta name=\"twitter:card\" content=\"summary_large_image\" \/>\n<meta name=\"twitter:label1\" content=\"Escrito por\" \/>\n\t<meta name=\"twitter:data1\" content=\"Francisco Valent\u00edn\" \/>\n\t<meta name=\"twitter:label2\" content=\"Tiempo de lectura\" \/>\n\t<meta name=\"twitter:data2\" content=\"1 minute\" \/>\n<script type=\"application\/ld+json\" class=\"yoast-schema-graph\">{\"@context\":\"https:\\\/\\\/schema.org\",\"@graph\":[{\"@type\":\"Article\",\"@id\":\"https:\\\/\\\/thetranscript.org\\\/es\\\/la-paradoja-del-tiempo\\\/#article\",\"isPartOf\":{\"@id\":\"https:\\\/\\\/thetranscript.org\\\/es\\\/la-paradoja-del-tiempo\\\/\"},\"author\":{\"name\":\"Francisco Valent\u00edn\",\"@id\":\"https:\\\/\\\/thetranscript.org\\\/es\\\/#\\\/schema\\\/person\\\/eba29e91660ec5a92fe768da53e864f9\"},\"headline\":\"La Paradoja Del Tiempo\",\"datePublished\":\"2012-09-24T23:23:31+00:00\",\"dateModified\":\"2026-04-15T23:54:37+00:00\",\"mainEntityOfPage\":{\"@id\":\"https:\\\/\\\/thetranscript.org\\\/es\\\/la-paradoja-del-tiempo\\\/\"},\"wordCount\":212,\"articleSection\":[\"Transcritos\"],\"inLanguage\":\"es-ES\"},{\"@type\":\"WebPage\",\"@id\":\"https:\\\/\\\/thetranscript.org\\\/es\\\/la-paradoja-del-tiempo\\\/\",\"url\":\"https:\\\/\\\/thetranscript.org\\\/es\\\/la-paradoja-del-tiempo\\\/\",\"name\":\"La Paradoja Del Tiempo - The Transcript\",\"isPartOf\":{\"@id\":\"https:\\\/\\\/thetranscript.org\\\/es\\\/#website\"},\"datePublished\":\"2012-09-24T23:23:31+00:00\",\"dateModified\":\"2026-04-15T23:54:37+00:00\",\"author\":{\"@id\":\"https:\\\/\\\/thetranscript.org\\\/es\\\/#\\\/schema\\\/person\\\/eba29e91660ec5a92fe768da53e864f9\"},\"breadcrumb\":{\"@id\":\"https:\\\/\\\/thetranscript.org\\\/es\\\/la-paradoja-del-tiempo\\\/#breadcrumb\"},\"inLanguage\":\"es-ES\",\"potentialAction\":[{\"@type\":\"ReadAction\",\"target\":[\"https:\\\/\\\/thetranscript.org\\\/es\\\/la-paradoja-del-tiempo\\\/\"]}]},{\"@type\":\"BreadcrumbList\",\"@id\":\"https:\\\/\\\/thetranscript.org\\\/es\\\/la-paradoja-del-tiempo\\\/#breadcrumb\",\"itemListElement\":[{\"@type\":\"ListItem\",\"position\":1,\"name\":\"Home\",\"item\":\"https:\\\/\\\/thetranscript.org\\\/es\\\/\"},{\"@type\":\"ListItem\",\"position\":2,\"name\":\"La Paradoja Del Tiempo\"}]},{\"@type\":\"WebSite\",\"@id\":\"https:\\\/\\\/thetranscript.org\\\/es\\\/#website\",\"url\":\"https:\\\/\\\/thetranscript.org\\\/es\\\/\",\"name\":\"The Transcript\",\"description\":\"My name is Francisco Valentin\u2014 author and publisher of the Transcripts\",\"potentialAction\":[{\"@type\":\"SearchAction\",\"target\":{\"@type\":\"EntryPoint\",\"urlTemplate\":\"https:\\\/\\\/thetranscript.org\\\/es\\\/?s={search_term_string}\"},\"query-input\":{\"@type\":\"PropertyValueSpecification\",\"valueRequired\":true,\"valueName\":\"search_term_string\"}}],\"inLanguage\":\"es-ES\"},{\"@type\":\"Person\",\"@id\":\"https:\\\/\\\/thetranscript.org\\\/es\\\/#\\\/schema\\\/person\\\/eba29e91660ec5a92fe768da53e864f9\",\"name\":\"Francisco Valent\u00edn\",\"image\":{\"@type\":\"ImageObject\",\"inLanguage\":\"es-ES\",\"@id\":\"https:\\\/\\\/secure.gravatar.com\\\/avatar\\\/3fbdb8fff809be8cc712433ca73c6d019cc0b93485b41f1ba6471b9f17ced0c6?s=96&d=mm&r=g\",\"url\":\"https:\\\/\\\/secure.gravatar.com\\\/avatar\\\/3fbdb8fff809be8cc712433ca73c6d019cc0b93485b41f1ba6471b9f17ced0c6?s=96&d=mm&r=g\",\"contentUrl\":\"https:\\\/\\\/secure.gravatar.com\\\/avatar\\\/3fbdb8fff809be8cc712433ca73c6d019cc0b93485b41f1ba6471b9f17ced0c6?s=96&d=mm&r=g\",\"caption\":\"Francisco Valent\u00edn\"},\"url\":\"https:\\\/\\\/thetranscript.org\\\/es\\\/author\\\/frank\\\/\"}]}<\/script>\n<!-- \/ Yoast SEO plugin. -->","yoast_head_json":{"title":"La Paradoja Del Tiempo - The Transcript","robots":{"index":"index","follow":"follow","max-snippet":"max-snippet:-1","max-image-preview":"max-image-preview:large","max-video-preview":"max-video-preview:-1"},"canonical":"https:\/\/thetranscript.org\/es\/la-paradoja-del-tiempo\/","og_locale":"es_ES","og_type":"article","og_title":"La Paradoja Del Tiempo - The Transcript","og_description":"T120924123242 17 Y aunque pueda decirse que el tiempo no existe, en este mundo, en este orden de expresi\u00f3n, es un requisito. El tiempo transcurre para que la materia se transforme de una etapa a otra. 18 El tiempo es movimiento. El tiempo es creaci\u00f3n, y la creaci\u00f3n toma tiempo. \u00bfVes? Para que el hierro [&hellip;]","og_url":"https:\/\/thetranscript.org\/es\/la-paradoja-del-tiempo\/","og_site_name":"The Transcript","article_published_time":"2012-09-24T23:23:31+00:00","article_modified_time":"2026-04-15T23:54:37+00:00","author":"Francisco Valent\u00edn","twitter_card":"summary_large_image","twitter_misc":{"Escrito por":"Francisco Valent\u00edn","Tiempo de lectura":"1 minute"},"schema":{"@context":"https:\/\/schema.org","@graph":[{"@type":"Article","@id":"https:\/\/thetranscript.org\/es\/la-paradoja-del-tiempo\/#article","isPartOf":{"@id":"https:\/\/thetranscript.org\/es\/la-paradoja-del-tiempo\/"},"author":{"name":"Francisco Valent\u00edn","@id":"https:\/\/thetranscript.org\/es\/#\/schema\/person\/eba29e91660ec5a92fe768da53e864f9"},"headline":"La Paradoja Del Tiempo","datePublished":"2012-09-24T23:23:31+00:00","dateModified":"2026-04-15T23:54:37+00:00","mainEntityOfPage":{"@id":"https:\/\/thetranscript.org\/es\/la-paradoja-del-tiempo\/"},"wordCount":212,"articleSection":["Transcritos"],"inLanguage":"es-ES"},{"@type":"WebPage","@id":"https:\/\/thetranscript.org\/es\/la-paradoja-del-tiempo\/","url":"https:\/\/thetranscript.org\/es\/la-paradoja-del-tiempo\/","name":"La Paradoja Del Tiempo - The Transcript","isPartOf":{"@id":"https:\/\/thetranscript.org\/es\/#website"},"datePublished":"2012-09-24T23:23:31+00:00","dateModified":"2026-04-15T23:54:37+00:00","author":{"@id":"https:\/\/thetranscript.org\/es\/#\/schema\/person\/eba29e91660ec5a92fe768da53e864f9"},"breadcrumb":{"@id":"https:\/\/thetranscript.org\/es\/la-paradoja-del-tiempo\/#breadcrumb"},"inLanguage":"es-ES","potentialAction":[{"@type":"ReadAction","target":["https:\/\/thetranscript.org\/es\/la-paradoja-del-tiempo\/"]}]},{"@type":"BreadcrumbList","@id":"https:\/\/thetranscript.org\/es\/la-paradoja-del-tiempo\/#breadcrumb","itemListElement":[{"@type":"ListItem","position":1,"name":"Home","item":"https:\/\/thetranscript.org\/es\/"},{"@type":"ListItem","position":2,"name":"La Paradoja Del Tiempo"}]},{"@type":"WebSite","@id":"https:\/\/thetranscript.org\/es\/#website","url":"https:\/\/thetranscript.org\/es\/","name":"The Transcript","description":"My name is Francisco Valentin\u2014 author and publisher of the Transcripts","potentialAction":[{"@type":"SearchAction","target":{"@type":"EntryPoint","urlTemplate":"https:\/\/thetranscript.org\/es\/?s={search_term_string}"},"query-input":{"@type":"PropertyValueSpecification","valueRequired":true,"valueName":"search_term_string"}}],"inLanguage":"es-ES"},{"@type":"Person","@id":"https:\/\/thetranscript.org\/es\/#\/schema\/person\/eba29e91660ec5a92fe768da53e864f9","name":"Francisco Valent\u00edn","image":{"@type":"ImageObject","inLanguage":"es-ES","@id":"https:\/\/secure.gravatar.com\/avatar\/3fbdb8fff809be8cc712433ca73c6d019cc0b93485b41f1ba6471b9f17ced0c6?s=96&d=mm&r=g","url":"https:\/\/secure.gravatar.com\/avatar\/3fbdb8fff809be8cc712433ca73c6d019cc0b93485b41f1ba6471b9f17ced0c6?s=96&d=mm&r=g","contentUrl":"https:\/\/secure.gravatar.com\/avatar\/3fbdb8fff809be8cc712433ca73c6d019cc0b93485b41f1ba6471b9f17ced0c6?s=96&d=mm&r=g","caption":"Francisco Valent\u00edn"},"url":"https:\/\/thetranscript.org\/es\/author\/frank\/"}]}},"_links":{"self":[{"href":"https:\/\/thetranscript.org\/es\/wp-json\/wp\/v2\/posts\/9302","targetHints":{"allow":["GET"]}}],"collection":[{"href":"https:\/\/thetranscript.org\/es\/wp-json\/wp\/v2\/posts"}],"about":[{"href":"https:\/\/thetranscript.org\/es\/wp-json\/wp\/v2\/types\/post"}],"author":[{"embeddable":true,"href":"https:\/\/thetranscript.org\/es\/wp-json\/wp\/v2\/users\/2"}],"replies":[{"embeddable":true,"href":"https:\/\/thetranscript.org\/es\/wp-json\/wp\/v2\/comments?post=9302"}],"version-history":[{"count":2,"href":"https:\/\/thetranscript.org\/es\/wp-json\/wp\/v2\/posts\/9302\/revisions"}],"predecessor-version":[{"id":9304,"href":"https:\/\/thetranscript.org\/es\/wp-json\/wp\/v2\/posts\/9302\/revisions\/9304"}],"wp:attachment":[{"href":"https:\/\/thetranscript.org\/es\/wp-json\/wp\/v2\/media?parent=9302"}],"wp:term":[{"taxonomy":"category","embeddable":true,"href":"https:\/\/thetranscript.org\/es\/wp-json\/wp\/v2\/categories?post=9302"},{"taxonomy":"post_tag","embeddable":true,"href":"https:\/\/thetranscript.org\/es\/wp-json\/wp\/v2\/tags?post=9302"}],"curies":[{"name":"wp","href":"https:\/\/api.w.org\/{rel}","templated":true}]}}